{"id":6610,"date":"2021-05-01T11:49:45","date_gmt":"2021-05-01T09:49:45","guid":{"rendered":"http:\/\/airplain.ch\/?p=6610"},"modified":"2021-05-12T17:36:49","modified_gmt":"2021-05-12T15:36:49","slug":"raum-und-zeit","status":"publish","type":"post","link":"https:\/\/airplain.ch\/index.php\/2021\/05\/01\/raum-und-zeit\/","title":{"rendered":"Raum und Zeit"},"content":{"rendered":"[vc_row type=&#8220;in_container&#8220; full_screen_row_position=&#8220;middle&#8220; column_margin=&#8220;default&#8220; column_direction=&#8220;default&#8220; column_direction_tablet=&#8220;default&#8220; column_direction_phone=&#8220;default&#8220; scene_position=&#8220;center&#8220; text_color=&#8220;dark&#8220; text_align=&#8220;left&#8220; row_border_radius=&#8220;none&#8220; row_border_radius_applies=&#8220;bg&#8220; overlay_strength=&#8220;0.3&#8243; gradient_direction=&#8220;left_to_right&#8220; shape_divider_position=&#8220;bottom&#8220; bg_image_animation=&#8220;none&#8220;][vc_column column_padding=&#8220;no-extra-padding&#8220; column_padding_tablet=&#8220;inherit&#8220; column_padding_phone=&#8220;inherit&#8220; column_padding_position=&#8220;all&#8220; background_color_opacity=&#8220;1&#8243; background_hover_color_opacity=&#8220;1&#8243; column_shadow=&#8220;none&#8220; column_border_radius=&#8220;none&#8220; column_link_target=&#8220;_self&#8220; gradient_direction=&#8220;left_to_right&#8220; overlay_strength=&#8220;0.3&#8243; width=&#8220;1\/1&#8243; tablet_width_inherit=&#8220;default&#8220; tablet_text_alignment=&#8220;default&#8220; phone_text_alignment=&#8220;default&#8220; column_border_width=&#8220;none&#8220; column_border_style=&#8220;solid&#8220; bg_image_animation=&#8220;none&#8220;][vc_column_text]\n<h3>Effekte<\/h3>\n<p>Schall breitet sich in Raum und Zeit aus und erzeugt in R\u00e4umen verschiedene erw\u00fcnschte aber auch unerw\u00fcnschte Effekte. Wer Lautsprecher entwickelt, ist sich in der Regel dieser Tatsache bewusst. Die grosse Herausforderung ist allerdings, dass jeder Raum, in welchem ein Lautsprecher zum Einsatz kommt, anders ist. Die Geometrie ist unterschiedlich und die Oberfl\u00e4chen sind ebenfalls von Raum zur Raum bzw. von Wand zu Wand verschieden. Das \u00e4ussert sich in Raummoden (auch stehende Wellen genannt) und unterschiedlich langen und gleichzeitig frequenzabh\u00e4ngigen Nachhallzeiten. Im Schweizer Radio SRF2 gibt es hierzu einen leichtverst\u00e4ndlichen <a title=\"SRF2 Kultur\" href=\"https:\/\/www.srf.ch\/play\/radio\/popupaudioplayer?id=a2bbdc09-4831-4592-823a-0dd90f357d4e\" target=\"_blank\" rel=\"noopener\">Podcast<\/a>.<\/p>\n<h3>Erste Reflexion<\/h3>\n<p>Ein wichtiger Aspekt f\u00fcr eine gute Musikwiedergabe ist folgender. Die Zeit bis der Schall der ersten Reflexion beim H\u00f6rer eintrifft ist, entscheidend f\u00fcr den Raumeindruck bei der Musikwiedergabe. Wichtig ist vorallem, dass diese Zeit nicht zu kurz ist. Andernfalls kann unser Gehirn diese Reflexion nicht vom Direktschall auseinanderhalten. Als Minimalwert sollte 5 ms nicht unterschritten werden, das heisst zu den seitlichen W\u00e4nden, Decke und Boden sollte ein Abstand von min. ca. 1 m eingehalten werden (je nach H\u00f6rposition).<\/p>\n<h3>Nachhallzeit<\/h3>\n<p>Ein weiterer wichtiger Wert f\u00fcr eine gute Musikwiedergabe ist derjenige der Nachhallzeit. Das ist die Zeit bis der Schall wieder verschwunden ist, nachdem beispielsweise in die H\u00e4nde geklatscht wurde. F\u00fcr normale H\u00f6rr\u00e4ume sollte die Nachhallzeit zwischen 0.3 und 0.7 s\u00a0 sein, f\u00fcr hohe Frequenzen eher k\u00fcrzer, f\u00fcr tiefere darf sie auch etwas l\u00e4nger sein. Sowohl die erste Reflexion wie auch die Nachhallzeit k\u00f6nnen elektronisch nicht beeinflusst werden, sondern bed\u00fcrfen phsyikalischer Massnahmen. Um in den heute eher unterbed\u00e4mpften Wohnr\u00e4umen eine k\u00fcrzere Nachhallzeit zu erreichen, braucht es akustische D\u00e4mmelemente. Diese k\u00f6nnen Teil der Einrichtung (Teppiche, (Akustik-)Vorh\u00e4nge, Stoffsofa etc.) oder bzw. und k\u00f6nnen auch in Form von speziellen technischen Absorbern (por\u00f6se Absorber, Helmholtz-Resonatoren, Akustikdecken usw.) daherkommen.<\/p>\n<h3>Stehende Wellen<\/h3>\n<p>Stehende Wellen, welche sich zwangsl\u00e4ufig zwischen parallelen W\u00e4nden bzw. zwischen Boden und Decke bilden und sich als spezifische Dr\u00f6hnfrequenzen zeigen, k\u00f6nnen identifiziert und elektronisch eliminiert werden. Das freut auch die Nachbarn, den stehende Wellen haben bis zu 20 dB mehr Pegel und gehen relativ gut durch Decken und W\u00e4nde. Stehende Wellen treten bis etwa 200 Hz auf (raumgr\u00f6ssenabh\u00e4ngig, siehe auch <a href=\"https:\/\/de.wikipedia.org\/wiki\/Raummode#Schr%C3%B6derfrequenz\" target=\"_blank\" rel=\"noopener\">Schroeder-Frequenz<\/a>).<\/p>\n<p>Jedes airplain Musiksystem kann stehende Wellen durch die Raumeinmessung eliminieren. Dabei werden die Lautsprecher m\u00f6glichst optimal aufgestellt und am H\u00f6rplatz wird das komplette Spektrum gemessen und anschliessend die notwendigen Filter erstellt.<\/p>\n[\/vc_column_text][\/vc_column][\/vc_row]\n","protected":false},"excerpt":{"rendered":"<p>[vc_row type=&#8220;in_container&#8220; full_screen_row_position=&#8220;middle&#8220; column_margin=&#8220;default&#8220; column_direction=&#8220;default&#8220; column_direction_tablet=&#8220;default&#8220; column_direction_phone=&#8220;default&#8220; scene_position=&#8220;center&#8220; text_color=&#8220;dark&#8220; text_align=&#8220;left&#8220; row_border_radius=&#8220;none&#8220; row_border_radius_applies=&#8220;bg&#8220; overlay_strength=&#8220;0.3&#8243; gradient_direction=&#8220;left_to_right&#8220; shape_divider_position=&#8220;bottom&#8220; bg_image_animation=&#8220;none&#8220;][vc_column column_padding=&#8220;no-extra-padding&#8220; column_padding_tablet=&#8220;inherit&#8220; column_padding_phone=&#8220;inherit&#8220; column_padding_position=&#8220;all&#8220; background_color_opacity=&#8220;1&#8243; background_hover_color_opacity=&#8220;1&#8243; column_shadow=&#8220;none&#8220; column_border_radius=&#8220;none&#8220; column_link_target=&#8220;_self&#8220; gradient_direction=&#8220;left_to_right&#8220; overlay_strength=&#8220;0.3&#8243; width=&#8220;1\/1&#8243; tablet_width_inherit=&#8220;default&#8220; tablet_text_alignment=&#8220;default&#8220;&#8230;<\/p>\n","protected":false},"author":1,"featured_media":0,"comment_status":"open","ping_status":"open","sticky":false,"template":"","format":"standard","meta":{"footnotes":""},"categories":[67],"tags":[79,81,83,84,80,82],"class_list":{"0":"post-6610","1":"post","2":"type-post","3":"status-publish","4":"format-standard","6":"category-akustik","7":"tag-akustik","8":"tag-lautsprecher-im-raum","9":"tag-nachhall","10":"tag-nachhallzeit","11":"tag-raumakustik","12":"tag-stehende-wellen"},"_links":{"self":[{"href":"https:\/\/airplain.ch\/index.php\/wp-json\/wp\/v2\/posts\/6610","targetHints":{"allow":["GET"]}}],"collection":[{"href":"https:\/\/airplain.ch\/index.php\/wp-json\/wp\/v2\/posts"}],"about":[{"href":"https:\/\/airplain.ch\/index.php\/wp-json\/wp\/v2\/types\/post"}],"author":[{"embeddable":true,"href":"https:\/\/airplain.ch\/index.php\/wp-json\/wp\/v2\/users\/1"}],"replies":[{"embeddable":true,"href":"https:\/\/airplain.ch\/index.php\/wp-json\/wp\/v2\/comments?post=6610"}],"version-history":[{"count":15,"href":"https:\/\/airplain.ch\/index.php\/wp-json\/wp\/v2\/posts\/6610\/revisions"}],"predecessor-version":[{"id":7351,"href":"https:\/\/airplain.ch\/index.php\/wp-json\/wp\/v2\/posts\/6610\/revisions\/7351"}],"wp:attachment":[{"href":"https:\/\/airplain.ch\/index.php\/wp-json\/wp\/v2\/media?parent=6610"}],"wp:term":[{"taxonomy":"category","embeddable":true,"href":"https:\/\/airplain.ch\/index.php\/wp-json\/wp\/v2\/categories?post=6610"},{"taxonomy":"post_tag","embeddable":true,"href":"https:\/\/airplain.ch\/index.php\/wp-json\/wp\/v2\/tags?post=6610"}],"curies":[{"name":"wp","href":"https:\/\/api.w.org\/{rel}","templated":true}]}}